{"id":957,"date":"2025-11-11T11:11:52","date_gmt":"2025-11-11T11:11:52","guid":{"rendered":"https:\/\/www.ipapoznan.pl\/?p=957"},"modified":"2025-11-11T11:11:52","modified_gmt":"2025-11-11T11:11:52","slug":"11-listopada-107-swieto-radosci-i-wolnosci","status":"publish","type":"post","link":"https:\/\/www.ipapoznan.pl\/?p=957","title":{"rendered":"11 listopada \u2013 107 \u015bwi\u0119to rado\u015bci i wolno\u015bci"},"content":{"rendered":"\n<p>\u015awi\u0119to Niepodleg\u0142o\u015bci to jedno z najwa\u017cniejszych polskich \u015bwi\u0105t narodowych. Upami\u0119tnia rocznic\u0119 odzyskania przez Polsk\u0119 niepodleg\u0142o\u015bci w 1918 roku i powr\u00f3t naszego kraju na map\u0119 Europy po 123 latach niewoli. 11 listopada zosta\u0142 uznany za \u015bwi\u0119to pa\u0144stwowe na mocy Ustawy z dnia 23 kwietnia 1937 roku, chocia\u017c uroczyste obchody tego dnia odbywa\u0142y si\u0119 ju\u017c wcze\u015bniej. Czczono go przed wojn\u0105 w rozmaitych \u015brodowiskach, prywatnie w patriotycznych domach, spo\u0142ecznie w szko\u0142ach, organizacjach m\u0142odzie\u017cowych, kombatanckich i kulturalnych. Pod okupacj\u0105 niemieck\u0105, a potem w okresie PRL-u \u015bwi\u0119towanie niepodleg\u0142o\u015bci by\u0142o zakazane. Usi\u0142owano je zast\u0105pi\u0107 \u015bwi\u0119tem 22 lipca, upami\u0119tniaj\u0105cym wydanie odezwy Polskiego Komitetu Wyzwolenia Narodowego do Polak\u00f3w, zwan\u0105 Manifestem Lipcowym. \u015awi\u0119to Niepodleg\u0142o\u015bci obchodzone 11 listopada zosta\u0142o przywr\u00f3cone przez Sejm Polskiej Rzeczypospolitej Ludowej ustaw\u0105 z dnia 15 lutego 1989 r. pod nazw\u0105<strong> \u201eNarodowe \u015awi\u0119to Niepodleg\u0142o\u015bci\u201d.<\/strong><\/p>\n\n\n\n<figure class=\"wp-block-image size-full\"><img loading=\"lazy\" decoding=\"async\" width=\"988\" height=\"555\" src=\"https:\/\/www.ipapoznan.pl\/wp-content\/uploads\/2025\/11\/582061291_1230153919154898_1662694377801907999_n.jpg\" alt=\"\" class=\"wp-image-958\" srcset=\"https:\/\/www.ipapoznan.pl\/wp-content\/uploads\/2025\/11\/582061291_1230153919154898_1662694377801907999_n.jpg 988w, https:\/\/www.ipapoznan.pl\/wp-content\/uploads\/2025\/11\/582061291_1230153919154898_1662694377801907999_n-300x169.jpg 300w, https:\/\/www.ipapoznan.pl\/wp-content\/uploads\/2025\/11\/582061291_1230153919154898_1662694377801907999_n-768x431.jpg 768w, https:\/\/www.ipapoznan.pl\/wp-content\/uploads\/2025\/11\/582061291_1230153919154898_1662694377801907999_n-660x371.jpg 660w\" sizes=\"auto, (max-width: 988px) 100vw, 988px\" \/><\/figure>\n","protected":false},"excerpt":{"rendered":"<p>\u015awi\u0119to Niepodleg\u0142o\u015bci to jedno z najwa\u017cniejszych polskich \u015bwi\u0105t narodowych. Upami\u0119tnia rocznic\u0119 odzyskania przez Polsk\u0119 niepodleg\u0142o\u015bci w 1918 roku i powr\u00f3t naszego kraju na map\u0119 Europy po 123 latach niewoli. 11 listopada zosta\u0142 uznany za \u015bwi\u0119to pa\u0144stwowe na mocy Ustawy z dnia 23 kwietnia 1937 roku, chocia\u017c uroczyste obchody tego dnia odbywa\u0142y si\u0119 ju\u017c wcze\u015bniej. Czczono\u2026 <span class=\"read-more\"><a href=\"https:\/\/www.ipapoznan.pl\/?p=957\">Dowiedz si\u0119 wi\u0119cej &raquo;<\/a><\/span><\/p>\n","protected":false},"author":1,"featured_media":305,"comment_status":"open","ping_status":"open","sticky":false,"template":"","format":"standard","meta":{"_bbp_topic_count":0,"_bbp_reply_count":0,"_bbp_total_topic_count":0,"_bbp_total_reply_count":0,"_bbp_voice_count":0,"_bbp_anonymous_reply_count":0,"_bbp_topic_count_hidden":0,"_bbp_reply_count_hidden":0,"_bbp_forum_subforum_count":0,"footnotes":""},"categories":[2],"tags":[],"class_list":["post-957","post","type-post","status-publish","format-standard","has-post-thumbnail","hentry","category-wiadomosci"],"_links":{"self":[{"href":"https:\/\/www.ipapoznan.pl\/index.php?rest_route=\/wp\/v2\/posts\/957","targetHints":{"allow":["GET"]}}],"collection":[{"href":"https:\/\/www.ipapoznan.pl\/index.php?rest_route=\/wp\/v2\/posts"}],"about":[{"href":"https:\/\/www.ipapoznan.pl\/index.php?rest_route=\/wp\/v2\/types\/post"}],"author":[{"embeddable":true,"href":"https:\/\/www.ipapoznan.pl\/index.php?rest_route=\/wp\/v2\/users\/1"}],"replies":[{"embeddable":true,"href":"https:\/\/www.ipapoznan.pl\/index.php?rest_route=%2Fwp%2Fv2%2Fcomments&post=957"}],"version-history":[{"count":1,"href":"https:\/\/www.ipapoznan.pl\/index.php?rest_route=\/wp\/v2\/posts\/957\/revisions"}],"predecessor-version":[{"id":959,"href":"https:\/\/www.ipapoznan.pl\/index.php?rest_route=\/wp\/v2\/posts\/957\/revisions\/959"}],"wp:featuredmedia":[{"embeddable":true,"href":"https:\/\/www.ipapoznan.pl\/index.php?rest_route=\/wp\/v2\/media\/305"}],"wp:attachment":[{"href":"https:\/\/www.ipapoznan.pl\/index.php?rest_route=%2Fwp%2Fv2%2Fmedia&parent=957"}],"wp:term":[{"taxonomy":"category","embeddable":true,"href":"https:\/\/www.ipapoznan.pl\/index.php?rest_route=%2Fwp%2Fv2%2Fcategories&post=957"},{"taxonomy":"post_tag","embeddable":true,"href":"https:\/\/www.ipapoznan.pl\/index.php?rest_route=%2Fwp%2Fv2%2Ftags&post=957"}],"curies":[{"name":"wp","href":"https:\/\/api.w.org\/{rel}","templated":true}]}}