{"id":940,"date":"2025-10-30T19:05:06","date_gmt":"2025-10-30T19:05:06","guid":{"rendered":"https:\/\/www.ipapoznan.pl\/?p=940"},"modified":"2025-10-30T19:05:06","modified_gmt":"2025-10-30T19:05:06","slug":"1-listopada-pamietajmy-o-tych-ktorzy-odeszli-na-wieczna-sluzbe","status":"publish","type":"post","link":"https:\/\/www.ipapoznan.pl\/?p=940","title":{"rendered":"1 LISTOPADA &#8211; Pami\u0119tajmy o tych kt\u00f3rzy odeszli na wieczn\u0105 s\u0142u\u017cb\u0119 !"},"content":{"rendered":"\n<p>Wszystkich \u015awi\u0119tych to czas, w kt\u00f3rym zatrzymujemy si\u0119, by wspomina\u0107 tych, kt\u00f3rzy przemin\u0119li i w zadumie \u0142\u0105czymy si\u0119 w my\u015blach z tymi, kt\u00f3rzy odeszli, pozostawiaj\u0105c po sobie pi\u0119kne wspomnienia. Pami\u0119\u0107 o nich jest nieod\u0142\u0105czn\u0105 cz\u0119\u015bci\u0105 naszej to\u017csamo\u015bci, a ich zas\u0142ugi pozostaj\u0105 \u017cywe w sercach !<\/p>\n\n\n\n<p>Rest in Peace<\/p>\n\n\n\n<p><a href=\"https:\/\/www.facebook.com\/search\/top?q=%40wszyscy&amp;__cft__[0]=AZXOhKTuzgvhqaNzJ1zK5hO5stW-FLQNyi13BuN7ngnUerKdfoOu-oxjIsLla13jqXfpluiAVoMJEA598kldOUR1bSjwklmuX-64st7xPccXncpmVPiJPKu9JaCnZEZAOn17YUcouGeTRq1DOSwLYhTY_e7ZBfqXfE3h-ONDEK8Lii2b5BtmliuqNpgmOOnj4cnQipJfbGw8F88sys0PkSBC&amp;__tn__=-UK-R\">@wszyscy<\/a><\/p>\n\n\n\n<figure class=\"wp-block-image size-full\"><img loading=\"lazy\" decoding=\"async\" width=\"526\" height=\"702\" src=\"https:\/\/www.ipapoznan.pl\/wp-content\/uploads\/2025\/10\/R_I_P_inn.jpg\" alt=\"\" class=\"wp-image-941\" srcset=\"https:\/\/www.ipapoznan.pl\/wp-content\/uploads\/2025\/10\/R_I_P_inn.jpg 526w, https:\/\/www.ipapoznan.pl\/wp-content\/uploads\/2025\/10\/R_I_P_inn-225x300.jpg 225w\" sizes=\"auto, (max-width: 526px) 100vw, 526px\" \/><figcaption class=\"wp-element-caption\">Rest_in_Peace<\/figcaption><\/figure>\n","protected":false},"excerpt":{"rendered":"<p>Wszystkich \u015awi\u0119tych to czas, w kt\u00f3rym zatrzymujemy si\u0119, by wspomina\u0107 tych, kt\u00f3rzy przemin\u0119li i w zadumie \u0142\u0105czymy si\u0119 w my\u015blach z tymi, kt\u00f3rzy odeszli, pozostawiaj\u0105c po sobie pi\u0119kne wspomnienia. Pami\u0119\u0107 o nich jest nieod\u0142\u0105czn\u0105 cz\u0119\u015bci\u0105 naszej to\u017csamo\u015bci, a ich zas\u0142ugi pozostaj\u0105 \u017cywe w sercach ! Rest in Peace @wszyscy<\/p>\n","protected":false},"author":1,"featured_media":305,"comment_status":"open","ping_status":"open","sticky":false,"template":"","format":"standard","meta":{"_bbp_topic_count":0,"_bbp_reply_count":0,"_bbp_total_topic_count":0,"_bbp_total_reply_count":0,"_bbp_voice_count":0,"_bbp_anonymous_reply_count":0,"_bbp_topic_count_hidden":0,"_bbp_reply_count_hidden":0,"_bbp_forum_subforum_count":0,"footnotes":""},"categories":[2],"tags":[],"class_list":["post-940","post","type-post","status-publish","format-standard","has-post-thumbnail","hentry","category-wiadomosci"],"_links":{"self":[{"href":"https:\/\/www.ipapoznan.pl\/index.php?rest_route=\/wp\/v2\/posts\/940","targetHints":{"allow":["GET"]}}],"collection":[{"href":"https:\/\/www.ipapoznan.pl\/index.php?rest_route=\/wp\/v2\/posts"}],"about":[{"href":"https:\/\/www.ipapoznan.pl\/index.php?rest_route=\/wp\/v2\/types\/post"}],"author":[{"embeddable":true,"href":"https:\/\/www.ipapoznan.pl\/index.php?rest_route=\/wp\/v2\/users\/1"}],"replies":[{"embeddable":true,"href":"https:\/\/www.ipapoznan.pl\/index.php?rest_route=%2Fwp%2Fv2%2Fcomments&post=940"}],"version-history":[{"count":1,"href":"https:\/\/www.ipapoznan.pl\/index.php?rest_route=\/wp\/v2\/posts\/940\/revisions"}],"predecessor-version":[{"id":942,"href":"https:\/\/www.ipapoznan.pl\/index.php?rest_route=\/wp\/v2\/posts\/940\/revisions\/942"}],"wp:featuredmedia":[{"embeddable":true,"href":"https:\/\/www.ipapoznan.pl\/index.php?rest_route=\/wp\/v2\/media\/305"}],"wp:attachment":[{"href":"https:\/\/www.ipapoznan.pl\/index.php?rest_route=%2Fwp%2Fv2%2Fmedia&parent=940"}],"wp:term":[{"taxonomy":"category","embeddable":true,"href":"https:\/\/www.ipapoznan.pl\/index.php?rest_route=%2Fwp%2Fv2%2Fcategories&post=940"},{"taxonomy":"post_tag","embeddable":true,"href":"https:\/\/www.ipapoznan.pl\/index.php?rest_route=%2Fwp%2Fv2%2Ftags&post=940"}],"curies":[{"name":"wp","href":"https:\/\/api.w.org\/{rel}","templated":true}]}}