{"id":1045,"date":"2026-03-10T18:55:08","date_gmt":"2026-03-10T18:55:08","guid":{"rendered":"https:\/\/www.ipapoznan.pl\/?p=1045"},"modified":"2026-03-10T18:56:15","modified_gmt":"2026-03-10T18:56:15","slug":"wiosna-w-lesnym-wigwamie-11-04-2026","status":"publish","type":"post","link":"https:\/\/www.ipapoznan.pl\/?p=1045","title":{"rendered":"\u201e Wiosna w le\u015bnym wigwamie \u201e- 11.04.2026"},"content":{"rendered":"\n<p><strong><em>K O M U N I K A T\u00a0 IPA\u00a0 REGION POZNA\u0143<\/em><\/strong><\/p>\n\n\n\n<p><strong><em>Region IPA Pozna\u0144 serdecznie zaprasza do wzi\u0119cia udzia\u0142u w Imprezie Plenerowej<\/em><\/strong><\/p>\n\n\n\n<p class=\"has-vivid-red-color has-text-color has-link-color wp-elements-ab31b3a47924ceb517e1036164b89fa9\"><strong><em>\u201e Wiosna w le\u015bnym wigwamie \u201e<\/em><\/strong> <strong><em>kt\u00f3ra odb\u0119dzie si\u0119 w dniu<\/em><\/strong> <strong><em>11 kwietnia 2026 r&nbsp; w godz.<\/em><\/strong><em><strong> 11.00 \u2013 16.00<\/strong><\/em><\/p>\n\n\n\n<figure class=\"wp-block-image size-full is-resized\"><img loading=\"lazy\" decoding=\"async\" width=\"800\" height=\"600\" src=\"https:\/\/www.ipapoznan.pl\/wp-content\/uploads\/2026\/03\/wigwam.jpg\" alt=\"\" class=\"wp-image-1046\" style=\"width:460px;height:auto\" srcset=\"https:\/\/www.ipapoznan.pl\/wp-content\/uploads\/2026\/03\/wigwam.jpg 800w, https:\/\/www.ipapoznan.pl\/wp-content\/uploads\/2026\/03\/wigwam-300x225.jpg 300w, https:\/\/www.ipapoznan.pl\/wp-content\/uploads\/2026\/03\/wigwam-768x576.jpg 768w, https:\/\/www.ipapoznan.pl\/wp-content\/uploads\/2026\/03\/wigwam-660x495.jpg 660w\" sizes=\"auto, (max-width: 800px) 100vw, 800px\" \/><\/figure>\n\n\n\n<p><strong><em>Le\u015bny Wigwam \u2013 Le\u015bnictwo \u0141\u0119kno k. Zaniemy\u015bla<\/em><\/strong><\/p>\n\n\n\n<p class=\"has-vivid-red-color has-text-color has-link-color wp-elements-aa28c1eeec4cbe4282a8ed572ce59d9a\"><strong><em>Koszt uczestnictwa \u2013 30 z\u0142 \/ od osoby doros\u0142ej \/<\/em><\/strong><\/p>\n\n\n\n<p><strong><em>Dzieci do lat 15 \u2013 bezp\u0142atnie<\/em><\/strong><\/p>\n\n\n\n<p><strong><em>W trakcie imprezy gry i zabawy dla najm\u0142odszych, przeja\u017cd\u017cka bryczk\u0105 po lesie, zawody strzeleckie oraz inne atrakcje.<\/em><\/strong><\/p>\n\n\n\n<p><strong><em>Organizator zapewnia&nbsp; napoje dla dzieci, groch\u00f3wk\u0119, pieczywo, smalec z og\u00f3rkiem oraz kie\u0142bas\u0119 na ognisko !!<\/em><\/strong><\/p>\n\n\n\n<p class=\"has-vivid-red-color has-text-color has-link-color wp-elements-2ffb58c29d18225542726210676e54a2\"><strong><em>Zapisy od dnia 18 marca br. <\/em><\/strong><strong><em>przyjmuje kol. Anna Roszczynia\u0142a<\/em><\/strong><\/p>\n\n\n\n<p><strong><em>&nbsp;\/ KWP w Poznaniu pok. 336, tel. 136-49 \/&nbsp;&nbsp;&nbsp;<\/em><\/strong><\/p>\n\n\n\n<p><strong><em>Ilo\u015b\u0107 miejsc ograniczona !<\/em><\/strong><\/p>\n\n\n\n<figure class=\"wp-block-image size-full\"><img loading=\"lazy\" decoding=\"async\" width=\"282\" height=\"202\" src=\"https:\/\/www.ipapoznan.pl\/wp-content\/uploads\/2026\/03\/Obraz1.jpg\" alt=\"\" class=\"wp-image-1047\"\/><\/figure>\n\n\n\n<p><strong><em>Zarz\u0105d IPA Region Pozna\u0144<\/em><\/strong><\/p>\n","protected":false},"excerpt":{"rendered":"<p>K O M U N I K A T\u00a0 IPA\u00a0 REGION POZNA\u0143 Region IPA Pozna\u0144 serdecznie zaprasza do wzi\u0119cia udzia\u0142u w Imprezie Plenerowej \u201e Wiosna w le\u015bnym wigwamie \u201e kt\u00f3ra odb\u0119dzie si\u0119 w dniu 11 kwietnia 2026 r&nbsp; w godz. 11.00 \u2013 16.00 Le\u015bny Wigwam \u2013 Le\u015bnictwo \u0141\u0119kno k. Zaniemy\u015bla Koszt uczestnictwa \u2013 30 z\u0142\u2026 <span class=\"read-more\"><a href=\"https:\/\/www.ipapoznan.pl\/?p=1045\">Dowiedz si\u0119 wi\u0119cej &raquo;<\/a><\/span><\/p>\n","protected":false},"author":1,"featured_media":1039,"comment_status":"open","ping_status":"open","sticky":false,"template":"","format":"standard","meta":{"_bbp_topic_count":0,"_bbp_reply_count":0,"_bbp_total_topic_count":0,"_bbp_total_reply_count":0,"_bbp_voice_count":0,"_bbp_anonymous_reply_count":0,"_bbp_topic_count_hidden":0,"_bbp_reply_count_hidden":0,"_bbp_forum_subforum_count":0,"footnotes":""},"categories":[3],"tags":[],"class_list":["post-1045","post","type-post","status-publish","format-standard","has-post-thumbnail","hentry","category-wydarzenia"],"_links":{"self":[{"href":"https:\/\/www.ipapoznan.pl\/index.php?rest_route=\/wp\/v2\/posts\/1045","targetHints":{"allow":["GET"]}}],"collection":[{"href":"https:\/\/www.ipapoznan.pl\/index.php?rest_route=\/wp\/v2\/posts"}],"about":[{"href":"https:\/\/www.ipapoznan.pl\/index.php?rest_route=\/wp\/v2\/types\/post"}],"author":[{"embeddable":true,"href":"https:\/\/www.ipapoznan.pl\/index.php?rest_route=\/wp\/v2\/users\/1"}],"replies":[{"embeddable":true,"href":"https:\/\/www.ipapoznan.pl\/index.php?rest_route=%2Fwp%2Fv2%2Fcomments&post=1045"}],"version-history":[{"count":2,"href":"https:\/\/www.ipapoznan.pl\/index.php?rest_route=\/wp\/v2\/posts\/1045\/revisions"}],"predecessor-version":[{"id":1050,"href":"https:\/\/www.ipapoznan.pl\/index.php?rest_route=\/wp\/v2\/posts\/1045\/revisions\/1050"}],"wp:featuredmedia":[{"embeddable":true,"href":"https:\/\/www.ipapoznan.pl\/index.php?rest_route=\/wp\/v2\/media\/1039"}],"wp:attachment":[{"href":"https:\/\/www.ipapoznan.pl\/index.php?rest_route=%2Fwp%2Fv2%2Fmedia&parent=1045"}],"wp:term":[{"taxonomy":"category","embeddable":true,"href":"https:\/\/www.ipapoznan.pl\/index.php?rest_route=%2Fwp%2Fv2%2Fcategories&post=1045"},{"taxonomy":"post_tag","embeddable":true,"href":"https:\/\/www.ipapoznan.pl\/index.php?rest_route=%2Fwp%2Fv2%2Ftags&post=1045"}],"curies":[{"name":"wp","href":"https:\/\/api.w.org\/{rel}","templated":true}]}}