{"id":1041,"date":"2026-03-06T20:57:36","date_gmt":"2026-03-06T20:57:36","guid":{"rendered":"https:\/\/www.ipapoznan.pl\/?p=1041"},"modified":"2026-03-06T20:57:36","modified_gmt":"2026-03-06T20:57:36","slug":"swieto-dzien-kobiet","status":"publish","type":"post","link":"https:\/\/www.ipapoznan.pl\/?p=1041","title":{"rendered":"\u015aWI\u0118TO &#8211; Dzie\u0144 Kobiet"},"content":{"rendered":"\n<p>S<strong>zanowne Panie<\/strong><\/p>\n\n\n\n<p>Dzie\u0144 Kobiet to \u015bwi\u0119to wszystkich Pa\u0144 niezale\u017cnie czy nosz\u0105 na co dzie\u0144 mundur lub cywilne ubrania. Wasza obecno\u015b\u0107, kompetencje, zaanga\u017cowanie, empatia i wewn\u0119trzna si\u0142a sprawiaj\u0105, \u017ce nasza s\u0142u\u017cba i praca s\u0105 o wiele \u0142atwiejsze.<\/p>\n\n\n\n<p>W imieniu zarz\u0105du IPA Region Pozna\u0144 \u017cycz\u0119 wszystkim Paniom spe\u0142nienia najskrytszych marze\u0144, zadowolenia i satysfakcji z pracy oraz nieustaj\u0105cego wsparcia ze strony Najbli\u017cszych. \u017bycz\u0119 r\u00f3wnie\u017c ogromu cierpliwo\u015bci i wyrozumia\u0142o\u015bci, kt\u00f3re niejednokrotnie pomaga\u0142y rozwi\u0105zywa\u0107 nawet te najtrudniejsze problemy i sytuacje.<\/p>\n\n\n\n<figure class=\"wp-block-image size-large\"><img loading=\"lazy\" decoding=\"async\" width=\"1024\" height=\"683\" src=\"https:\/\/www.ipapoznan.pl\/wp-content\/uploads\/2026\/03\/dzien-kobiet-2021-1024x683.jpg\" alt=\"\" class=\"wp-image-1042\" srcset=\"https:\/\/www.ipapoznan.pl\/wp-content\/uploads\/2026\/03\/dzien-kobiet-2021-1024x683.jpg 1024w, https:\/\/www.ipapoznan.pl\/wp-content\/uploads\/2026\/03\/dzien-kobiet-2021-300x200.jpg 300w, https:\/\/www.ipapoznan.pl\/wp-content\/uploads\/2026\/03\/dzien-kobiet-2021-768x512.jpg 768w, https:\/\/www.ipapoznan.pl\/wp-content\/uploads\/2026\/03\/dzien-kobiet-2021-660x440.jpg 660w, https:\/\/www.ipapoznan.pl\/wp-content\/uploads\/2026\/03\/dzien-kobiet-2021.jpg 1500w\" sizes=\"auto, (max-width: 1024px) 100vw, 1024px\" \/><\/figure>\n\n\n\n<figure class=\"wp-block-image size-large\"><img loading=\"lazy\" decoding=\"async\" width=\"1024\" height=\"683\" src=\"https:\/\/www.ipapoznan.pl\/wp-content\/uploads\/2026\/03\/308-419338_g-1024x683.jpg\" alt=\"\" class=\"wp-image-1043\" srcset=\"https:\/\/www.ipapoznan.pl\/wp-content\/uploads\/2026\/03\/308-419338_g-1024x683.jpg 1024w, https:\/\/www.ipapoznan.pl\/wp-content\/uploads\/2026\/03\/308-419338_g-300x200.jpg 300w, https:\/\/www.ipapoznan.pl\/wp-content\/uploads\/2026\/03\/308-419338_g-768x512.jpg 768w, https:\/\/www.ipapoznan.pl\/wp-content\/uploads\/2026\/03\/308-419338_g-660x440.jpg 660w, https:\/\/www.ipapoznan.pl\/wp-content\/uploads\/2026\/03\/308-419338_g.jpg 1200w\" sizes=\"auto, (max-width: 1024px) 100vw, 1024px\" \/><\/figure>\n\n\n\n<p>Niech to \u015bwi\u0119to b\u0119dzie przypomnieniem o Waszej wyj\u0105tkowo\u015bci, kt\u00f3rej poczucie powinno towarzyszy\u0107 Paniom ka\u017cdego dnia. Niech \u015bwiadomo\u015b\u0107 w\u0142asnej warto\u015bci i pewno\u015b\u0107 siebie, b\u0119dzie z Wami codziennie, niezale\u017cnie czy akurat jeste\u015bcie w s\u0142u\u017cbie, pracy, czy w domu.<\/p>\n\n\n\n<p><strong>Wszystkiego najlepszego!<\/strong><\/p>\n\n\n\n<p>Zarz\u0105d IPA Region Pozna\u0144<\/p>\n\n\n\n<p>Kierownictwo wielkopolskiej Policji<\/p>\n\n\n\n<p>nadinsp. Tomasz Olczyk<\/p>\n\n\n\n<p>insp. S\u0142awomir Piekut<\/p>\n\n\n\n<p>insp. Tomasz Bar\u0142o\u017cek<\/p>\n","protected":false},"excerpt":{"rendered":"<p>Szanowne Panie Dzie\u0144 Kobiet to \u015bwi\u0119to wszystkich Pa\u0144 niezale\u017cnie czy nosz\u0105 na co dzie\u0144 mundur lub cywilne ubrania. Wasza obecno\u015b\u0107, kompetencje, zaanga\u017cowanie, empatia i wewn\u0119trzna si\u0142a sprawiaj\u0105, \u017ce nasza s\u0142u\u017cba i praca s\u0105 o wiele \u0142atwiejsze. W imieniu zarz\u0105du IPA Region Pozna\u0144 \u017cycz\u0119 wszystkim Paniom spe\u0142nienia najskrytszych marze\u0144, zadowolenia i satysfakcji z pracy oraz nieustaj\u0105cego\u2026 <span class=\"read-more\"><a href=\"https:\/\/www.ipapoznan.pl\/?p=1041\">Dowiedz si\u0119 wi\u0119cej &raquo;<\/a><\/span><\/p>\n","protected":false},"author":1,"featured_media":1039,"comment_status":"open","ping_status":"open","sticky":false,"template":"","format":"standard","meta":{"_bbp_topic_count":0,"_bbp_reply_count":0,"_bbp_total_topic_count":0,"_bbp_total_reply_count":0,"_bbp_voice_count":0,"_bbp_anonymous_reply_count":0,"_bbp_topic_count_hidden":0,"_bbp_reply_count_hidden":0,"_bbp_forum_subforum_count":0,"footnotes":""},"categories":[3],"tags":[],"class_list":["post-1041","post","type-post","status-publish","format-standard","has-post-thumbnail","hentry","category-wydarzenia"],"_links":{"self":[{"href":"https:\/\/www.ipapoznan.pl\/index.php?rest_route=\/wp\/v2\/posts\/1041","targetHints":{"allow":["GET"]}}],"collection":[{"href":"https:\/\/www.ipapoznan.pl\/index.php?rest_route=\/wp\/v2\/posts"}],"about":[{"href":"https:\/\/www.ipapoznan.pl\/index.php?rest_route=\/wp\/v2\/types\/post"}],"author":[{"embeddable":true,"href":"https:\/\/www.ipapoznan.pl\/index.php?rest_route=\/wp\/v2\/users\/1"}],"replies":[{"embeddable":true,"href":"https:\/\/www.ipapoznan.pl\/index.php?rest_route=%2Fwp%2Fv2%2Fcomments&post=1041"}],"version-history":[{"count":1,"href":"https:\/\/www.ipapoznan.pl\/index.php?rest_route=\/wp\/v2\/posts\/1041\/revisions"}],"predecessor-version":[{"id":1044,"href":"https:\/\/www.ipapoznan.pl\/index.php?rest_route=\/wp\/v2\/posts\/1041\/revisions\/1044"}],"wp:featuredmedia":[{"embeddable":true,"href":"https:\/\/www.ipapoznan.pl\/index.php?rest_route=\/wp\/v2\/media\/1039"}],"wp:attachment":[{"href":"https:\/\/www.ipapoznan.pl\/index.php?rest_route=%2Fwp%2Fv2%2Fmedia&parent=1041"}],"wp:term":[{"taxonomy":"category","embeddable":true,"href":"https:\/\/www.ipapoznan.pl\/index.php?rest_route=%2Fwp%2Fv2%2Fcategories&post=1041"},{"taxonomy":"post_tag","embeddable":true,"href":"https:\/\/www.ipapoznan.pl\/index.php?rest_route=%2Fwp%2Fv2%2Ftags&post=1041"}],"curies":[{"name":"wp","href":"https:\/\/api.w.org\/{rel}","templated":true}]}}